{"id":12031,"date":"2022-03-14T17:22:57","date_gmt":"2022-03-14T16:22:57","guid":{"rendered":"https:\/\/www.exquisitarium.com\/alimentaria-2022\/"},"modified":"2025-07-18T09:09:54","modified_gmt":"2025-07-18T07:09:54","slug":"alimentaria-2022","status":"publish","type":"post","link":"https:\/\/www.exquisitarium.com\/fr\/alimentaria-2022\/","title":{"rendered":"ALIMENTARIA 2022"},"content":{"rendered":"<p>Le monde de l&#8217;agroalimentaire a rendez-vous \u00e0 Barcelone dans les prochains jours. <strong>Du 04 au 07 avril, la ALIMENTARIA<\/strong> r\u00e9unira les producteurs et distributeurs de l&#8217;industrie alimentaire, ce qui en fera une magnifique vitrine pour le monde entier. L&#8217;Exquisitarium ne veut pas manquer cet \u00e9v\u00e9nement.<\/p>\n<p><!--more--><\/p>\n<p><strong>ALIMENTARIA<\/strong> est une vitrine pour les tendances et les innovations qui fa\u00e7onneront le secteur \u00e0 l&#8217;avenir. Alimentaria est \u00e9galement une r\u00e9f\u00e9rence mondiale dans le secteur, ce qui en fait l&#8217;un des principaux exposants dans le domaine en tant que lien pour satisfaire les int\u00e9r\u00eats des exportateurs et des distributeurs\/importateurs afin de g\u00e9n\u00e9rer des affaires. En plus du produit, il vous permet de voir l&#8217;\u00e9quipe qui se cache derri\u00e8re.<\/p>\n<p><strong>L&#8217;\u00e9quipe d&#8217;Exquisitarium consid\u00e8re qu&#8217;il est tr\u00e8s important de se tenir au courant des derniers d\u00e9veloppements et tendances qui influencent le secteur<\/strong>, <em>afin d&#8217;aider nos distributeurs et clients \u00e0 pouvoir r\u00e9aliser une offre plus innovante et comp\u00e9titive.<\/em><\/p>\n\n<div class=\"wp-block-media-text alignwide is-stacked-on-mobile\"><figure class=\"wp-block-media-text__media\"><img fetchpriority=\"high\" decoding=\"async\" width=\"1000\" height=\"750\" src=\"https:\/\/www.exquisitarium.com\/wp-content\/uploads\/2022\/03\/IMG_3261.jpg\" alt=\"\" class=\"wp-image-11996 size-full\" srcset=\"https:\/\/www.exquisitarium.com\/wp-content\/uploads\/2022\/03\/IMG_3261.jpg 1000w, https:\/\/www.exquisitarium.com\/wp-content\/uploads\/2022\/03\/IMG_3261-720x540.jpg 720w, https:\/\/www.exquisitarium.com\/wp-content\/uploads\/2022\/03\/IMG_3261-300x225.jpg 300w, https:\/\/www.exquisitarium.com\/wp-content\/uploads\/2022\/03\/IMG_3261-768x576.jpg 768w, https:\/\/www.exquisitarium.com\/wp-content\/uploads\/2022\/03\/IMG_3261-752x564.jpg 752w, https:\/\/www.exquisitarium.com\/wp-content\/uploads\/2022\/03\/IMG_3261-373x280.jpg 373w, https:\/\/www.exquisitarium.com\/wp-content\/uploads\/2022\/03\/IMG_3261-605x454.jpg 605w, https:\/\/www.exquisitarium.com\/wp-content\/uploads\/2022\/03\/IMG_3261-360x270.jpg 360w\" sizes=\"(max-width: 1000px) 100vw, 1000px\" \/><\/figure><div class=\"wp-block-media-text__content\">\n<p class=\"has-text-align-left\"><strong>Chez Exquisitarium<\/strong>, nous aimons vous surprendre <strong>avec nos innovations.<\/strong> Si vous \u00eates un amateur de desserts japonais, <strong>que diriez-vous d&#8217;un mochi exclusivement destin\u00e9 aux desserts, mais aussi \u00e0 l&#8217;ap\u00e9ritif ?<\/strong><\/p>\n\n\n\n<p>\u00c0 <strong>Exquistarium,<\/strong> nous sommes sp\u00e9cialistes pour donner notre touche personnelle aux produits traditionnels, c&#8217;est pourquoi nous avons cr\u00e9\u00e9 3 types de mochi diff\u00e9rents qui vous surprendront.<\/p>\n\n\n\n<p><strong>Voulez-vous savoir ce qu&#8217;ils sont ? Venez nous rendre visite sur notre stand \u00e0 Alimentaria.<\/strong><\/p>\n\n\n\n<p><strong><em>Stand 99-2\u00a0 Palais P1, Niveau 0, rue D<\/em><\/strong><\/p>\n\n\n\n<p><\/p>\n<\/div><\/div>\n\n<p>Vous pouvez nous contacter en appelant le 0034 973 470 253 ou le 0034 68 343 78 39 ou en nous envoyant un courriel \u00e0 l&#8217;adresse suivante <a href=\"mailto:exquisitarium@exquisitarium.com\">exquisitarium@exquisitarium.com<\/a> ou\u00a0 <a href=\"mailto:smarti@exquisitarium.com\">smarti@exquisitarium.com<\/a><\/p>\n","protected":false},"excerpt":{"rendered":"<p>Le monde de l&#8217;agroalimentaire a rendez-vous \u00e0 Barcelone dans les prochains jours. Du 04 au 07 avril, la ALIMENTARIA r\u00e9unira les producteurs et distributeurs de l&#8217;industrie alimentaire, ce qui en fera une magnifique vitrine pour le monde entier. L&#8217;Exquisitarium ne veut pas manquer cet \u00e9v\u00e9nement.<\/p>\n","protected":false},"author":1,"featured_media":17870,"comment_status":"closed","ping_status":"closed","sticky":false,"template":"","format":"standard","meta":{"_exactmetrics_skip_tracking":false,"_exactmetrics_sitenote_active":false,"_exactmetrics_sitenote_note":"","_exactmetrics_sitenote_category":0,"mc4wp_mailchimp_campaign":[],"footnotes":""},"categories":[299,605],"tags":[],"class_list":["post-12031","post","type-post","status-publish","format-standard","has-post-thumbnail","hentry","category-front-fr","category-nouvelle"],"yoast_head":"<!-- This site is optimized with the Yoast SEO plugin v27.5 - https:\/\/yoast.com\/product\/yoast-seo-wordpress\/ -->\n<title>ALIMENTARIA 2022 - EXQUISITARIUM<\/title>\n<meta name=\"robots\" content=\"index, follow, max-snippet:-1, max-image-preview:large, max-video-preview:-1\" \/>\n<link rel=\"canonical\" href=\"https:\/\/www.exquisitarium.com\/fr\/alimentaria-2022\/\" \/>\n<meta property=\"og:locale\" content=\"fr_FR\" \/>\n<meta property=\"og:type\" content=\"article\" \/>\n<meta property=\"og:title\" content=\"ALIMENTARIA 2022 - EXQUISITARIUM\" \/>\n<meta property=\"og:description\" content=\"Le monde de l&#8217;agroalimentaire a rendez-vous \u00e0 Barcelone dans les prochains jours. Du 04 au 07 avril, la ALIMENTARIA r\u00e9unira les producteurs et distributeurs de l&#8217;industrie alimentaire, ce qui en fera une magnifique vitrine pour le monde entier. L&#8217;Exquisitarium ne veut pas manquer cet \u00e9v\u00e9nement.\" \/>\n<meta property=\"og:url\" content=\"https:\/\/www.exquisitarium.com\/fr\/alimentaria-2022\/\" \/>\n<meta property=\"og:site_name\" content=\"EXQUISITARIUM\" \/>\n<meta property=\"article:publisher\" content=\"https:\/\/www.facebook.com\/exquisitarium\/\" \/>\n<meta property=\"article:published_time\" content=\"2022-03-14T16:22:57+00:00\" \/>\n<meta property=\"article:modified_time\" content=\"2025-07-18T07:09:54+00:00\" \/>\n<meta property=\"og:image\" content=\"https:\/\/www.exquisitarium.com\/wp-content\/uploads\/2022\/11\/blog_fira-alimentaria-de-barcelona.jpeg\" \/>\n\t<meta property=\"og:image:width\" content=\"1300\" \/>\n\t<meta property=\"og:image:height\" content=\"905\" \/>\n\t<meta property=\"og:image:type\" content=\"image\/jpeg\" \/>\n<meta name=\"author\" content=\"Exquisitarium\" \/>\n<meta name=\"twitter:card\" content=\"summary_large_image\" \/>\n<meta name=\"twitter:label1\" content=\"\u00c9crit par\" \/>\n\t<meta name=\"twitter:data1\" content=\"Exquisitarium\" \/>\n\t<meta name=\"twitter:label2\" content=\"Dur\u00e9e de lecture estim\u00e9e\" \/>\n\t<meta name=\"twitter:data2\" content=\"2 minutes\" \/>\n<script type=\"application\/ld+json\" class=\"yoast-schema-graph\">{\"@context\":\"https:\\\/\\\/schema.org\",\"@graph\":[{\"@type\":\"Article\",\"@id\":\"https:\\\/\\\/www.exquisitarium.com\\\/fr\\\/alimentaria-2022\\\/#article\",\"isPartOf\":{\"@id\":\"https:\\\/\\\/www.exquisitarium.com\\\/fr\\\/alimentaria-2022\\\/\"},\"author\":{\"name\":\"Exquisitarium\",\"@id\":\"https:\\\/\\\/www.exquisitarium.com\\\/fr\\\/#\\\/schema\\\/person\\\/2d6812e2259b6826bc9b6ad09eafc60b\"},\"headline\":\"ALIMENTARIA 2022\",\"datePublished\":\"2022-03-14T16:22:57+00:00\",\"dateModified\":\"2025-07-18T07:09:54+00:00\",\"mainEntityOfPage\":{\"@id\":\"https:\\\/\\\/www.exquisitarium.com\\\/fr\\\/alimentaria-2022\\\/\"},\"wordCount\":275,\"publisher\":{\"@id\":\"https:\\\/\\\/www.exquisitarium.com\\\/fr\\\/#organization\"},\"image\":{\"@id\":\"https:\\\/\\\/www.exquisitarium.com\\\/fr\\\/alimentaria-2022\\\/#primaryimage\"},\"thumbnailUrl\":\"https:\\\/\\\/www.exquisitarium.com\\\/wp-content\\\/uploads\\\/2022\\\/11\\\/blog_fira-alimentaria-de-barcelona.jpeg\",\"articleSection\":[\"front\",\"nouvelle\"],\"inLanguage\":\"fr-FR\"},{\"@type\":\"WebPage\",\"@id\":\"https:\\\/\\\/www.exquisitarium.com\\\/fr\\\/alimentaria-2022\\\/\",\"url\":\"https:\\\/\\\/www.exquisitarium.com\\\/fr\\\/alimentaria-2022\\\/\",\"name\":\"ALIMENTARIA 2022 - EXQUISITARIUM\",\"isPartOf\":{\"@id\":\"https:\\\/\\\/www.exquisitarium.com\\\/fr\\\/#website\"},\"primaryImageOfPage\":{\"@id\":\"https:\\\/\\\/www.exquisitarium.com\\\/fr\\\/alimentaria-2022\\\/#primaryimage\"},\"image\":{\"@id\":\"https:\\\/\\\/www.exquisitarium.com\\\/fr\\\/alimentaria-2022\\\/#primaryimage\"},\"thumbnailUrl\":\"https:\\\/\\\/www.exquisitarium.com\\\/wp-content\\\/uploads\\\/2022\\\/11\\\/blog_fira-alimentaria-de-barcelona.jpeg\",\"datePublished\":\"2022-03-14T16:22:57+00:00\",\"dateModified\":\"2025-07-18T07:09:54+00:00\",\"breadcrumb\":{\"@id\":\"https:\\\/\\\/www.exquisitarium.com\\\/fr\\\/alimentaria-2022\\\/#breadcrumb\"},\"inLanguage\":\"fr-FR\",\"potentialAction\":[{\"@type\":\"ReadAction\",\"target\":[\"https:\\\/\\\/www.exquisitarium.com\\\/fr\\\/alimentaria-2022\\\/\"]}]},{\"@type\":\"ImageObject\",\"inLanguage\":\"fr-FR\",\"@id\":\"https:\\\/\\\/www.exquisitarium.com\\\/fr\\\/alimentaria-2022\\\/#primaryimage\",\"url\":\"https:\\\/\\\/www.exquisitarium.com\\\/wp-content\\\/uploads\\\/2022\\\/11\\\/blog_fira-alimentaria-de-barcelona.jpeg\",\"contentUrl\":\"https:\\\/\\\/www.exquisitarium.com\\\/wp-content\\\/uploads\\\/2022\\\/11\\\/blog_fira-alimentaria-de-barcelona.jpeg\",\"width\":1300,\"height\":905},{\"@type\":\"BreadcrumbList\",\"@id\":\"https:\\\/\\\/www.exquisitarium.com\\\/fr\\\/alimentaria-2022\\\/#breadcrumb\",\"itemListElement\":[{\"@type\":\"ListItem\",\"position\":1,\"name\":\"Home\",\"item\":\"https:\\\/\\\/www.exquisitarium.com\\\/fr\\\/\"},{\"@type\":\"ListItem\",\"position\":2,\"name\":\"ALIMENTARIA 2022\"}]},{\"@type\":\"WebSite\",\"@id\":\"https:\\\/\\\/www.exquisitarium.com\\\/fr\\\/#website\",\"url\":\"https:\\\/\\\/www.exquisitarium.com\\\/fr\\\/\",\"name\":\"EXQUISITARIUM\",\"description\":\"Tu cocina en buenas manos\",\"publisher\":{\"@id\":\"https:\\\/\\\/www.exquisitarium.com\\\/fr\\\/#organization\"},\"potentialAction\":[{\"@type\":\"SearchAction\",\"target\":{\"@type\":\"EntryPoint\",\"urlTemplate\":\"https:\\\/\\\/www.exquisitarium.com\\\/fr\\\/?s={search_term_string}\"},\"query-input\":{\"@type\":\"PropertyValueSpecification\",\"valueRequired\":true,\"valueName\":\"search_term_string\"}}],\"inLanguage\":\"fr-FR\"},{\"@type\":\"Organization\",\"@id\":\"https:\\\/\\\/www.exquisitarium.com\\\/fr\\\/#organization\",\"name\":\"EXQUISITARIUM\",\"url\":\"https:\\\/\\\/www.exquisitarium.com\\\/fr\\\/\",\"logo\":{\"@type\":\"ImageObject\",\"inLanguage\":\"fr-FR\",\"@id\":\"https:\\\/\\\/www.exquisitarium.com\\\/fr\\\/#\\\/schema\\\/logo\\\/image\\\/\",\"url\":\"https:\\\/\\\/www.exquisitarium.com\\\/wp-content\\\/uploads\\\/2025\\\/10\\\/exquisitarium-logo.svg\",\"contentUrl\":\"https:\\\/\\\/www.exquisitarium.com\\\/wp-content\\\/uploads\\\/2025\\\/10\\\/exquisitarium-logo.svg\",\"width\":233,\"height\":37,\"caption\":\"EXQUISITARIUM\"},\"image\":{\"@id\":\"https:\\\/\\\/www.exquisitarium.com\\\/fr\\\/#\\\/schema\\\/logo\\\/image\\\/\"},\"sameAs\":[\"https:\\\/\\\/www.facebook.com\\\/exquisitarium\\\/\",\"https:\\\/\\\/www.instagram.com\\\/exquisitarium\\\/\",\"https:\\\/\\\/www.linkedin.com\\\/company\\\/exquisitarium\\\/\"]},{\"@type\":\"Person\",\"@id\":\"https:\\\/\\\/www.exquisitarium.com\\\/fr\\\/#\\\/schema\\\/person\\\/2d6812e2259b6826bc9b6ad09eafc60b\",\"name\":\"Exquisitarium\"}]}<\/script>\n<!-- \/ Yoast SEO plugin. -->","yoast_head_json":{"title":"ALIMENTARIA 2022 - EXQUISITARIUM","robots":{"index":"index","follow":"follow","max-snippet":"max-snippet:-1","max-image-preview":"max-image-preview:large","max-video-preview":"max-video-preview:-1"},"canonical":"https:\/\/www.exquisitarium.com\/fr\/alimentaria-2022\/","og_locale":"fr_FR","og_type":"article","og_title":"ALIMENTARIA 2022 - EXQUISITARIUM","og_description":"Le monde de l&#8217;agroalimentaire a rendez-vous \u00e0 Barcelone dans les prochains jours. Du 04 au 07 avril, la ALIMENTARIA r\u00e9unira les producteurs et distributeurs de l&#8217;industrie alimentaire, ce qui en fera une magnifique vitrine pour le monde entier. L&#8217;Exquisitarium ne veut pas manquer cet \u00e9v\u00e9nement.","og_url":"https:\/\/www.exquisitarium.com\/fr\/alimentaria-2022\/","og_site_name":"EXQUISITARIUM","article_publisher":"https:\/\/www.facebook.com\/exquisitarium\/","article_published_time":"2022-03-14T16:22:57+00:00","article_modified_time":"2025-07-18T07:09:54+00:00","og_image":[{"width":1300,"height":905,"url":"https:\/\/www.exquisitarium.com\/wp-content\/uploads\/2022\/11\/blog_fira-alimentaria-de-barcelona.jpeg","type":"image\/jpeg"}],"author":"Exquisitarium","twitter_card":"summary_large_image","twitter_misc":{"\u00c9crit par":"Exquisitarium","Dur\u00e9e de lecture estim\u00e9e":"2 minutes"},"schema":{"@context":"https:\/\/schema.org","@graph":[{"@type":"Article","@id":"https:\/\/www.exquisitarium.com\/fr\/alimentaria-2022\/#article","isPartOf":{"@id":"https:\/\/www.exquisitarium.com\/fr\/alimentaria-2022\/"},"author":{"name":"Exquisitarium","@id":"https:\/\/www.exquisitarium.com\/fr\/#\/schema\/person\/2d6812e2259b6826bc9b6ad09eafc60b"},"headline":"ALIMENTARIA 2022","datePublished":"2022-03-14T16:22:57+00:00","dateModified":"2025-07-18T07:09:54+00:00","mainEntityOfPage":{"@id":"https:\/\/www.exquisitarium.com\/fr\/alimentaria-2022\/"},"wordCount":275,"publisher":{"@id":"https:\/\/www.exquisitarium.com\/fr\/#organization"},"image":{"@id":"https:\/\/www.exquisitarium.com\/fr\/alimentaria-2022\/#primaryimage"},"thumbnailUrl":"https:\/\/www.exquisitarium.com\/wp-content\/uploads\/2022\/11\/blog_fira-alimentaria-de-barcelona.jpeg","articleSection":["front","nouvelle"],"inLanguage":"fr-FR"},{"@type":"WebPage","@id":"https:\/\/www.exquisitarium.com\/fr\/alimentaria-2022\/","url":"https:\/\/www.exquisitarium.com\/fr\/alimentaria-2022\/","name":"ALIMENTARIA 2022 - EXQUISITARIUM","isPartOf":{"@id":"https:\/\/www.exquisitarium.com\/fr\/#website"},"primaryImageOfPage":{"@id":"https:\/\/www.exquisitarium.com\/fr\/alimentaria-2022\/#primaryimage"},"image":{"@id":"https:\/\/www.exquisitarium.com\/fr\/alimentaria-2022\/#primaryimage"},"thumbnailUrl":"https:\/\/www.exquisitarium.com\/wp-content\/uploads\/2022\/11\/blog_fira-alimentaria-de-barcelona.jpeg","datePublished":"2022-03-14T16:22:57+00:00","dateModified":"2025-07-18T07:09:54+00:00","breadcrumb":{"@id":"https:\/\/www.exquisitarium.com\/fr\/alimentaria-2022\/#breadcrumb"},"inLanguage":"fr-FR","potentialAction":[{"@type":"ReadAction","target":["https:\/\/www.exquisitarium.com\/fr\/alimentaria-2022\/"]}]},{"@type":"ImageObject","inLanguage":"fr-FR","@id":"https:\/\/www.exquisitarium.com\/fr\/alimentaria-2022\/#primaryimage","url":"https:\/\/www.exquisitarium.com\/wp-content\/uploads\/2022\/11\/blog_fira-alimentaria-de-barcelona.jpeg","contentUrl":"https:\/\/www.exquisitarium.com\/wp-content\/uploads\/2022\/11\/blog_fira-alimentaria-de-barcelona.jpeg","width":1300,"height":905},{"@type":"BreadcrumbList","@id":"https:\/\/www.exquisitarium.com\/fr\/alimentaria-2022\/#breadcrumb","itemListElement":[{"@type":"ListItem","position":1,"name":"Home","item":"https:\/\/www.exquisitarium.com\/fr\/"},{"@type":"ListItem","position":2,"name":"ALIMENTARIA 2022"}]},{"@type":"WebSite","@id":"https:\/\/www.exquisitarium.com\/fr\/#website","url":"https:\/\/www.exquisitarium.com\/fr\/","name":"EXQUISITARIUM","description":"Tu cocina en buenas manos","publisher":{"@id":"https:\/\/www.exquisitarium.com\/fr\/#organization"},"potentialAction":[{"@type":"SearchAction","target":{"@type":"EntryPoint","urlTemplate":"https:\/\/www.exquisitarium.com\/fr\/?s={search_term_string}"},"query-input":{"@type":"PropertyValueSpecification","valueRequired":true,"valueName":"search_term_string"}}],"inLanguage":"fr-FR"},{"@type":"Organization","@id":"https:\/\/www.exquisitarium.com\/fr\/#organization","name":"EXQUISITARIUM","url":"https:\/\/www.exquisitarium.com\/fr\/","logo":{"@type":"ImageObject","inLanguage":"fr-FR","@id":"https:\/\/www.exquisitarium.com\/fr\/#\/schema\/logo\/image\/","url":"https:\/\/www.exquisitarium.com\/wp-content\/uploads\/2025\/10\/exquisitarium-logo.svg","contentUrl":"https:\/\/www.exquisitarium.com\/wp-content\/uploads\/2025\/10\/exquisitarium-logo.svg","width":233,"height":37,"caption":"EXQUISITARIUM"},"image":{"@id":"https:\/\/www.exquisitarium.com\/fr\/#\/schema\/logo\/image\/"},"sameAs":["https:\/\/www.facebook.com\/exquisitarium\/","https:\/\/www.instagram.com\/exquisitarium\/","https:\/\/www.linkedin.com\/company\/exquisitarium\/"]},{"@type":"Person","@id":"https:\/\/www.exquisitarium.com\/fr\/#\/schema\/person\/2d6812e2259b6826bc9b6ad09eafc60b","name":"Exquisitarium"}]}},"_links":{"self":[{"href":"https:\/\/www.exquisitarium.com\/fr\/wp-json\/wp\/v2\/posts\/12031","targetHints":{"allow":["GET"]}}],"collection":[{"href":"https:\/\/www.exquisitarium.com\/fr\/wp-json\/wp\/v2\/posts"}],"about":[{"href":"https:\/\/www.exquisitarium.com\/fr\/wp-json\/wp\/v2\/types\/post"}],"author":[{"embeddable":true,"href":"https:\/\/www.exquisitarium.com\/fr\/wp-json\/wp\/v2\/users\/1"}],"replies":[{"embeddable":true,"href":"https:\/\/www.exquisitarium.com\/fr\/wp-json\/wp\/v2\/comments?post=12031"}],"version-history":[{"count":0,"href":"https:\/\/www.exquisitarium.com\/fr\/wp-json\/wp\/v2\/posts\/12031\/revisions"}],"wp:featuredmedia":[{"embeddable":true,"href":"https:\/\/www.exquisitarium.com\/fr\/wp-json\/wp\/v2\/media\/17870"}],"wp:attachment":[{"href":"https:\/\/www.exquisitarium.com\/fr\/wp-json\/wp\/v2\/media?parent=12031"}],"wp:term":[{"taxonomy":"category","embeddable":true,"href":"https:\/\/www.exquisitarium.com\/fr\/wp-json\/wp\/v2\/categories?post=12031"},{"taxonomy":"post_tag","embeddable":true,"href":"https:\/\/www.exquisitarium.com\/fr\/wp-json\/wp\/v2\/tags?post=12031"}],"curies":[{"name":"wp","href":"https:\/\/api.w.org\/{rel}","templated":true}]}}