{"id":13337,"date":"2023-01-18T16:13:59","date_gmt":"2023-01-18T15:13:59","guid":{"rendered":"https:\/\/www.exquisitarium.com\/tapa-de-cua-de-bovi-amb-xocolata-i-vi-negre-amb-verdures\/"},"modified":"2023-01-18T16:13:59","modified_gmt":"2023-01-18T15:13:59","slug":"tapa-de-cua-de-bovi-amb-xocolata-i-vi-negre-amb-verdures","status":"publish","type":"post","link":"https:\/\/www.exquisitarium.com\/ca\/tapa-de-cua-de-bovi-amb-xocolata-i-vi-negre-amb-verdures\/","title":{"rendered":"Tapa de cua de bov\u00ed amb xocolata i vi negre amb verdures."},"content":{"rendered":"<p>Refer\u00e8ncia: 2718 Cua de bov\u00ed amb xocolata i vi negre<\/p>\n<p><strong><u>Ingredients<\/u><\/strong>:<\/p>\n<ul>\n<li>Cua de bov\u00ed a la xocolata i vi negre<\/li>\n<li>Verduretes<\/li>\n<li>Fruits vermells<\/li>\n<\/ul>\n<p><!--more--><\/p>\n<p><strong><u>Preparaci\u00f3<\/u><\/strong><\/p>\n<p>Sense necessitat de descongelar: FORN al vapor: a 100 \u00ba C durant 15 min. Aprox. MICRONDES: perforar la bossa i, a m\u00e0xima pot\u00e8ncia (750 W) durant 6 min. Aprox. BANY Maria: Submergir en aigua calenta de 15 a 20 min. CA\u00c7: Buidar el contingut al cass\u00f3 i escalfar. Sempre, agitar la bossa per homogene\u00eftzar la salsa interior.<\/p>\n<p>Tallem les verdures en petites porcions, les escaldem i les coem a la graella i les reservem per acabar el plat.<\/p>\n<p>Preparem la nostra tapa amb una porci\u00f3 de cua de bov\u00ed a la xocolata i vi negre i l&#8217;acompanyem amb unes verduretes i fruits vermells que li proporcionen un delicat contrast.<\/p>\n<p>Un plato muy nutritivo y con una interesante combinaci\u00f3n de sabores.<\/p>\n","protected":false},"excerpt":{"rendered":"<p>Refer\u00e8ncia: 2718 Cua de bov\u00ed amb xocolata i vi negre Ingredients: Cua de bov\u00ed a la xocolata i vi negre Verduretes Fruits vermells<\/p>\n","protected":false},"author":1,"featured_media":17821,"comment_status":"closed","ping_status":"closed","sticky":false,"template":"","format":"standard","meta":{"_exactmetrics_skip_tracking":false,"_exactmetrics_sitenote_active":false,"_exactmetrics_sitenote_note":"","_exactmetrics_sitenote_category":0,"mc4wp_mailchimp_campaign":[],"footnotes":""},"categories":[361,32],"tags":[],"class_list":["post-13337","post","type-post","status-publish","format-standard","has-post-thumbnail","hentry","category-receptes-ca","category-uncategorized-ca"],"yoast_head":"<!-- This site is optimized with the Yoast SEO plugin v27.5 - https:\/\/yoast.com\/product\/yoast-seo-wordpress\/ -->\n<title>Tapa de cua de bov\u00ed amb xocolata i vi negre amb verdures. - EXQUISITARIUM<\/title>\n<meta name=\"robots\" content=\"index, follow, max-snippet:-1, max-image-preview:large, max-video-preview:-1\" \/>\n<link rel=\"canonical\" href=\"https:\/\/www.exquisitarium.com\/ca\/tapa-de-cua-de-bovi-amb-xocolata-i-vi-negre-amb-verdures\/\" \/>\n<meta property=\"og:locale\" content=\"ca_ES\" \/>\n<meta property=\"og:type\" content=\"article\" \/>\n<meta property=\"og:title\" content=\"Tapa de cua de bov\u00ed amb xocolata i vi negre amb verdures. - EXQUISITARIUM\" \/>\n<meta property=\"og:description\" content=\"Refer\u00e8ncia: 2718 Cua de bov\u00ed amb xocolata i vi negre Ingredients: Cua de bov\u00ed a la xocolata i vi negre Verduretes Fruits vermells\" \/>\n<meta property=\"og:url\" content=\"https:\/\/www.exquisitarium.com\/ca\/tapa-de-cua-de-bovi-amb-xocolata-i-vi-negre-amb-verdures\/\" \/>\n<meta property=\"og:site_name\" content=\"EXQUISITARIUM\" \/>\n<meta property=\"article:publisher\" content=\"https:\/\/www.facebook.com\/exquisitarium\/\" \/>\n<meta property=\"article:published_time\" content=\"2023-01-18T15:13:59+00:00\" \/>\n<meta property=\"og:image\" content=\"https:\/\/www.exquisitarium.com\/wp-content\/uploads\/2023\/03\/blog_exquisitarium_20211221_tv_2733821365970583550_1_2733821365970583550-frame-at-0m34s.jpg\" \/>\n\t<meta property=\"og:image:width\" content=\"1300\" \/>\n\t<meta property=\"og:image:height\" content=\"905\" \/>\n\t<meta property=\"og:image:type\" content=\"image\/jpeg\" \/>\n<meta name=\"author\" content=\"Exquisitarium\" \/>\n<meta name=\"twitter:card\" content=\"summary_large_image\" \/>\n<meta name=\"twitter:label1\" content=\"Escrit per\" \/>\n\t<meta name=\"twitter:data1\" content=\"Exquisitarium\" \/>\n\t<meta name=\"twitter:label2\" content=\"Temps estimat de lectura\" \/>\n\t<meta name=\"twitter:data2\" content=\"1 minut\" \/>\n<script type=\"application\/ld+json\" class=\"yoast-schema-graph\">{\"@context\":\"https:\\\/\\\/schema.org\",\"@graph\":[{\"@type\":\"Article\",\"@id\":\"https:\\\/\\\/www.exquisitarium.com\\\/ca\\\/tapa-de-cua-de-bovi-amb-xocolata-i-vi-negre-amb-verdures\\\/#article\",\"isPartOf\":{\"@id\":\"https:\\\/\\\/www.exquisitarium.com\\\/ca\\\/tapa-de-cua-de-bovi-amb-xocolata-i-vi-negre-amb-verdures\\\/\"},\"author\":{\"name\":\"Exquisitarium\",\"@id\":\"https:\\\/\\\/www.exquisitarium.com\\\/ca\\\/#\\\/schema\\\/person\\\/2d6812e2259b6826bc9b6ad09eafc60b\"},\"headline\":\"Tapa de cua de bov\u00ed amb xocolata i vi negre amb verdures.\",\"datePublished\":\"2023-01-18T15:13:59+00:00\",\"mainEntityOfPage\":{\"@id\":\"https:\\\/\\\/www.exquisitarium.com\\\/ca\\\/tapa-de-cua-de-bovi-amb-xocolata-i-vi-negre-amb-verdures\\\/\"},\"wordCount\":154,\"publisher\":{\"@id\":\"https:\\\/\\\/www.exquisitarium.com\\\/ca\\\/#organization\"},\"image\":{\"@id\":\"https:\\\/\\\/www.exquisitarium.com\\\/ca\\\/tapa-de-cua-de-bovi-amb-xocolata-i-vi-negre-amb-verdures\\\/#primaryimage\"},\"thumbnailUrl\":\"https:\\\/\\\/www.exquisitarium.com\\\/wp-content\\\/uploads\\\/2023\\\/03\\\/blog_exquisitarium_20211221_tv_2733821365970583550_1_2733821365970583550-frame-at-0m34s.jpg\",\"articleSection\":[\"Receptes\",\"Uncategorized @ca\"],\"inLanguage\":\"ca\"},{\"@type\":\"WebPage\",\"@id\":\"https:\\\/\\\/www.exquisitarium.com\\\/ca\\\/tapa-de-cua-de-bovi-amb-xocolata-i-vi-negre-amb-verdures\\\/\",\"url\":\"https:\\\/\\\/www.exquisitarium.com\\\/ca\\\/tapa-de-cua-de-bovi-amb-xocolata-i-vi-negre-amb-verdures\\\/\",\"name\":\"Tapa de cua de bov\u00ed amb xocolata i vi negre amb verdures. - EXQUISITARIUM\",\"isPartOf\":{\"@id\":\"https:\\\/\\\/www.exquisitarium.com\\\/ca\\\/#website\"},\"primaryImageOfPage\":{\"@id\":\"https:\\\/\\\/www.exquisitarium.com\\\/ca\\\/tapa-de-cua-de-bovi-amb-xocolata-i-vi-negre-amb-verdures\\\/#primaryimage\"},\"image\":{\"@id\":\"https:\\\/\\\/www.exquisitarium.com\\\/ca\\\/tapa-de-cua-de-bovi-amb-xocolata-i-vi-negre-amb-verdures\\\/#primaryimage\"},\"thumbnailUrl\":\"https:\\\/\\\/www.exquisitarium.com\\\/wp-content\\\/uploads\\\/2023\\\/03\\\/blog_exquisitarium_20211221_tv_2733821365970583550_1_2733821365970583550-frame-at-0m34s.jpg\",\"datePublished\":\"2023-01-18T15:13:59+00:00\",\"breadcrumb\":{\"@id\":\"https:\\\/\\\/www.exquisitarium.com\\\/ca\\\/tapa-de-cua-de-bovi-amb-xocolata-i-vi-negre-amb-verdures\\\/#breadcrumb\"},\"inLanguage\":\"ca\",\"potentialAction\":[{\"@type\":\"ReadAction\",\"target\":[\"https:\\\/\\\/www.exquisitarium.com\\\/ca\\\/tapa-de-cua-de-bovi-amb-xocolata-i-vi-negre-amb-verdures\\\/\"]}]},{\"@type\":\"ImageObject\",\"inLanguage\":\"ca\",\"@id\":\"https:\\\/\\\/www.exquisitarium.com\\\/ca\\\/tapa-de-cua-de-bovi-amb-xocolata-i-vi-negre-amb-verdures\\\/#primaryimage\",\"url\":\"https:\\\/\\\/www.exquisitarium.com\\\/wp-content\\\/uploads\\\/2023\\\/03\\\/blog_exquisitarium_20211221_tv_2733821365970583550_1_2733821365970583550-frame-at-0m34s.jpg\",\"contentUrl\":\"https:\\\/\\\/www.exquisitarium.com\\\/wp-content\\\/uploads\\\/2023\\\/03\\\/blog_exquisitarium_20211221_tv_2733821365970583550_1_2733821365970583550-frame-at-0m34s.jpg\",\"width\":1300,\"height\":905},{\"@type\":\"BreadcrumbList\",\"@id\":\"https:\\\/\\\/www.exquisitarium.com\\\/ca\\\/tapa-de-cua-de-bovi-amb-xocolata-i-vi-negre-amb-verdures\\\/#breadcrumb\",\"itemListElement\":[{\"@type\":\"ListItem\",\"position\":1,\"name\":\"Home\",\"item\":\"https:\\\/\\\/www.exquisitarium.com\\\/ca\\\/\"},{\"@type\":\"ListItem\",\"position\":2,\"name\":\"Tapa de cua de bov\u00ed amb xocolata i vi negre amb verdures.\"}]},{\"@type\":\"WebSite\",\"@id\":\"https:\\\/\\\/www.exquisitarium.com\\\/ca\\\/#website\",\"url\":\"https:\\\/\\\/www.exquisitarium.com\\\/ca\\\/\",\"name\":\"EXQUISITARIUM\",\"description\":\"Tu cocina en buenas manos\",\"publisher\":{\"@id\":\"https:\\\/\\\/www.exquisitarium.com\\\/ca\\\/#organization\"},\"potentialAction\":[{\"@type\":\"SearchAction\",\"target\":{\"@type\":\"EntryPoint\",\"urlTemplate\":\"https:\\\/\\\/www.exquisitarium.com\\\/ca\\\/?s={search_term_string}\"},\"query-input\":{\"@type\":\"PropertyValueSpecification\",\"valueRequired\":true,\"valueName\":\"search_term_string\"}}],\"inLanguage\":\"ca\"},{\"@type\":\"Organization\",\"@id\":\"https:\\\/\\\/www.exquisitarium.com\\\/ca\\\/#organization\",\"name\":\"EXQUISITARIUM\",\"url\":\"https:\\\/\\\/www.exquisitarium.com\\\/ca\\\/\",\"logo\":{\"@type\":\"ImageObject\",\"inLanguage\":\"ca\",\"@id\":\"https:\\\/\\\/www.exquisitarium.com\\\/ca\\\/#\\\/schema\\\/logo\\\/image\\\/\",\"url\":\"https:\\\/\\\/www.exquisitarium.com\\\/wp-content\\\/uploads\\\/2025\\\/10\\\/exquisitarium-logo.svg\",\"contentUrl\":\"https:\\\/\\\/www.exquisitarium.com\\\/wp-content\\\/uploads\\\/2025\\\/10\\\/exquisitarium-logo.svg\",\"width\":233,\"height\":37,\"caption\":\"EXQUISITARIUM\"},\"image\":{\"@id\":\"https:\\\/\\\/www.exquisitarium.com\\\/ca\\\/#\\\/schema\\\/logo\\\/image\\\/\"},\"sameAs\":[\"https:\\\/\\\/www.facebook.com\\\/exquisitarium\\\/\",\"https:\\\/\\\/www.instagram.com\\\/exquisitarium\\\/\",\"https:\\\/\\\/www.linkedin.com\\\/company\\\/exquisitarium\\\/\"]},{\"@type\":\"Person\",\"@id\":\"https:\\\/\\\/www.exquisitarium.com\\\/ca\\\/#\\\/schema\\\/person\\\/2d6812e2259b6826bc9b6ad09eafc60b\",\"name\":\"Exquisitarium\"}]}<\/script>\n<!-- \/ Yoast SEO plugin. -->","yoast_head_json":{"title":"Tapa de cua de bov\u00ed amb xocolata i vi negre amb verdures. - EXQUISITARIUM","robots":{"index":"index","follow":"follow","max-snippet":"max-snippet:-1","max-image-preview":"max-image-preview:large","max-video-preview":"max-video-preview:-1"},"canonical":"https:\/\/www.exquisitarium.com\/ca\/tapa-de-cua-de-bovi-amb-xocolata-i-vi-negre-amb-verdures\/","og_locale":"ca_ES","og_type":"article","og_title":"Tapa de cua de bov\u00ed amb xocolata i vi negre amb verdures. - EXQUISITARIUM","og_description":"Refer\u00e8ncia: 2718 Cua de bov\u00ed amb xocolata i vi negre Ingredients: Cua de bov\u00ed a la xocolata i vi negre Verduretes Fruits vermells","og_url":"https:\/\/www.exquisitarium.com\/ca\/tapa-de-cua-de-bovi-amb-xocolata-i-vi-negre-amb-verdures\/","og_site_name":"EXQUISITARIUM","article_publisher":"https:\/\/www.facebook.com\/exquisitarium\/","article_published_time":"2023-01-18T15:13:59+00:00","og_image":[{"width":1300,"height":905,"url":"https:\/\/www.exquisitarium.com\/wp-content\/uploads\/2023\/03\/blog_exquisitarium_20211221_tv_2733821365970583550_1_2733821365970583550-frame-at-0m34s.jpg","type":"image\/jpeg"}],"author":"Exquisitarium","twitter_card":"summary_large_image","twitter_misc":{"Escrit per":"Exquisitarium","Temps estimat de lectura":"1 minut"},"schema":{"@context":"https:\/\/schema.org","@graph":[{"@type":"Article","@id":"https:\/\/www.exquisitarium.com\/ca\/tapa-de-cua-de-bovi-amb-xocolata-i-vi-negre-amb-verdures\/#article","isPartOf":{"@id":"https:\/\/www.exquisitarium.com\/ca\/tapa-de-cua-de-bovi-amb-xocolata-i-vi-negre-amb-verdures\/"},"author":{"name":"Exquisitarium","@id":"https:\/\/www.exquisitarium.com\/ca\/#\/schema\/person\/2d6812e2259b6826bc9b6ad09eafc60b"},"headline":"Tapa de cua de bov\u00ed amb xocolata i vi negre amb verdures.","datePublished":"2023-01-18T15:13:59+00:00","mainEntityOfPage":{"@id":"https:\/\/www.exquisitarium.com\/ca\/tapa-de-cua-de-bovi-amb-xocolata-i-vi-negre-amb-verdures\/"},"wordCount":154,"publisher":{"@id":"https:\/\/www.exquisitarium.com\/ca\/#organization"},"image":{"@id":"https:\/\/www.exquisitarium.com\/ca\/tapa-de-cua-de-bovi-amb-xocolata-i-vi-negre-amb-verdures\/#primaryimage"},"thumbnailUrl":"https:\/\/www.exquisitarium.com\/wp-content\/uploads\/2023\/03\/blog_exquisitarium_20211221_tv_2733821365970583550_1_2733821365970583550-frame-at-0m34s.jpg","articleSection":["Receptes","Uncategorized @ca"],"inLanguage":"ca"},{"@type":"WebPage","@id":"https:\/\/www.exquisitarium.com\/ca\/tapa-de-cua-de-bovi-amb-xocolata-i-vi-negre-amb-verdures\/","url":"https:\/\/www.exquisitarium.com\/ca\/tapa-de-cua-de-bovi-amb-xocolata-i-vi-negre-amb-verdures\/","name":"Tapa de cua de bov\u00ed amb xocolata i vi negre amb verdures. - EXQUISITARIUM","isPartOf":{"@id":"https:\/\/www.exquisitarium.com\/ca\/#website"},"primaryImageOfPage":{"@id":"https:\/\/www.exquisitarium.com\/ca\/tapa-de-cua-de-bovi-amb-xocolata-i-vi-negre-amb-verdures\/#primaryimage"},"image":{"@id":"https:\/\/www.exquisitarium.com\/ca\/tapa-de-cua-de-bovi-amb-xocolata-i-vi-negre-amb-verdures\/#primaryimage"},"thumbnailUrl":"https:\/\/www.exquisitarium.com\/wp-content\/uploads\/2023\/03\/blog_exquisitarium_20211221_tv_2733821365970583550_1_2733821365970583550-frame-at-0m34s.jpg","datePublished":"2023-01-18T15:13:59+00:00","breadcrumb":{"@id":"https:\/\/www.exquisitarium.com\/ca\/tapa-de-cua-de-bovi-amb-xocolata-i-vi-negre-amb-verdures\/#breadcrumb"},"inLanguage":"ca","potentialAction":[{"@type":"ReadAction","target":["https:\/\/www.exquisitarium.com\/ca\/tapa-de-cua-de-bovi-amb-xocolata-i-vi-negre-amb-verdures\/"]}]},{"@type":"ImageObject","inLanguage":"ca","@id":"https:\/\/www.exquisitarium.com\/ca\/tapa-de-cua-de-bovi-amb-xocolata-i-vi-negre-amb-verdures\/#primaryimage","url":"https:\/\/www.exquisitarium.com\/wp-content\/uploads\/2023\/03\/blog_exquisitarium_20211221_tv_2733821365970583550_1_2733821365970583550-frame-at-0m34s.jpg","contentUrl":"https:\/\/www.exquisitarium.com\/wp-content\/uploads\/2023\/03\/blog_exquisitarium_20211221_tv_2733821365970583550_1_2733821365970583550-frame-at-0m34s.jpg","width":1300,"height":905},{"@type":"BreadcrumbList","@id":"https:\/\/www.exquisitarium.com\/ca\/tapa-de-cua-de-bovi-amb-xocolata-i-vi-negre-amb-verdures\/#breadcrumb","itemListElement":[{"@type":"ListItem","position":1,"name":"Home","item":"https:\/\/www.exquisitarium.com\/ca\/"},{"@type":"ListItem","position":2,"name":"Tapa de cua de bov\u00ed amb xocolata i vi negre amb verdures."}]},{"@type":"WebSite","@id":"https:\/\/www.exquisitarium.com\/ca\/#website","url":"https:\/\/www.exquisitarium.com\/ca\/","name":"EXQUISITARIUM","description":"Tu cocina en buenas manos","publisher":{"@id":"https:\/\/www.exquisitarium.com\/ca\/#organization"},"potentialAction":[{"@type":"SearchAction","target":{"@type":"EntryPoint","urlTemplate":"https:\/\/www.exquisitarium.com\/ca\/?s={search_term_string}"},"query-input":{"@type":"PropertyValueSpecification","valueRequired":true,"valueName":"search_term_string"}}],"inLanguage":"ca"},{"@type":"Organization","@id":"https:\/\/www.exquisitarium.com\/ca\/#organization","name":"EXQUISITARIUM","url":"https:\/\/www.exquisitarium.com\/ca\/","logo":{"@type":"ImageObject","inLanguage":"ca","@id":"https:\/\/www.exquisitarium.com\/ca\/#\/schema\/logo\/image\/","url":"https:\/\/www.exquisitarium.com\/wp-content\/uploads\/2025\/10\/exquisitarium-logo.svg","contentUrl":"https:\/\/www.exquisitarium.com\/wp-content\/uploads\/2025\/10\/exquisitarium-logo.svg","width":233,"height":37,"caption":"EXQUISITARIUM"},"image":{"@id":"https:\/\/www.exquisitarium.com\/ca\/#\/schema\/logo\/image\/"},"sameAs":["https:\/\/www.facebook.com\/exquisitarium\/","https:\/\/www.instagram.com\/exquisitarium\/","https:\/\/www.linkedin.com\/company\/exquisitarium\/"]},{"@type":"Person","@id":"https:\/\/www.exquisitarium.com\/ca\/#\/schema\/person\/2d6812e2259b6826bc9b6ad09eafc60b","name":"Exquisitarium"}]}},"_links":{"self":[{"href":"https:\/\/www.exquisitarium.com\/ca\/wp-json\/wp\/v2\/posts\/13337","targetHints":{"allow":["GET"]}}],"collection":[{"href":"https:\/\/www.exquisitarium.com\/ca\/wp-json\/wp\/v2\/posts"}],"about":[{"href":"https:\/\/www.exquisitarium.com\/ca\/wp-json\/wp\/v2\/types\/post"}],"author":[{"embeddable":true,"href":"https:\/\/www.exquisitarium.com\/ca\/wp-json\/wp\/v2\/users\/1"}],"replies":[{"embeddable":true,"href":"https:\/\/www.exquisitarium.com\/ca\/wp-json\/wp\/v2\/comments?post=13337"}],"version-history":[{"count":0,"href":"https:\/\/www.exquisitarium.com\/ca\/wp-json\/wp\/v2\/posts\/13337\/revisions"}],"wp:featuredmedia":[{"embeddable":true,"href":"https:\/\/www.exquisitarium.com\/ca\/wp-json\/wp\/v2\/media\/17821"}],"wp:attachment":[{"href":"https:\/\/www.exquisitarium.com\/ca\/wp-json\/wp\/v2\/media?parent=13337"}],"wp:term":[{"taxonomy":"category","embeddable":true,"href":"https:\/\/www.exquisitarium.com\/ca\/wp-json\/wp\/v2\/categories?post=13337"},{"taxonomy":"post_tag","embeddable":true,"href":"https:\/\/www.exquisitarium.com\/ca\/wp-json\/wp\/v2\/tags?post=13337"}],"curies":[{"name":"wp","href":"https:\/\/api.w.org\/{rel}","templated":true}]}}