{"id":12761,"date":"2022-11-03T10:46:02","date_gmt":"2022-11-03T09:46:02","guid":{"rendered":"https:\/\/www.exquisitarium.com\/crema-de-carbassa-amb-bunyols-negres-de-bacalla\/"},"modified":"2022-11-03T10:46:02","modified_gmt":"2022-11-03T09:46:02","slug":"crema-de-carbassa-amb-bunyols-negres-de-bacalla","status":"publish","type":"post","link":"https:\/\/www.exquisitarium.com\/ca\/crema-de-carbassa-amb-bunyols-negres-de-bacalla\/","title":{"rendered":"Crema de carbassa amb bunyols negres de bacall\u00e0"},"content":{"rendered":"<p>Refer\u00e8ncia: 11022 crema de carbassa<\/p>\n<p>Refer\u00e8ncia 155 bunyols negres de bacall\u00e0<\/p>\n<p><strong>Ingredients:<\/strong><\/p>\n<p>Crema de carbassa exquisitarium<br \/>\nBunyols negres de bacall\u00e0<\/p>\n<p>Verduretes del temps<\/p>\n<p><!--more--><\/p>\n<p><strong><u>Preparaci\u00f3<\/u><\/strong><\/p>\n<p>Sense descongelar pr\u00e8viament escalfem la crema de carbassa al microones durant uns 5-6 minuts. Remenar abans d&#8217;emplatar.<\/p>\n<p>Escaldeu les verdures del temps i refredeu-les r\u00e0pidament perqu\u00e8 no perdin el color. Reserveu-ho.<\/p>\n<p>Si cal descongelar pr\u00e8viament, fregirem els bunyols fins arribar a 74\u00baC a l&#8217;interior.<\/p>\n<p>Disposarem les verdures i els bunyols al plat i tot seguit posarem la crema.<\/p>\n<p>Una combinaci\u00f3 que no us deixar\u00e0 indiferents<\/p>\n","protected":false},"excerpt":{"rendered":"<p>Refer\u00e8ncia: 11022 crema de carbassa Refer\u00e8ncia 155 bunyols negres de bacall\u00e0 Ingredients: Crema de carbassa exquisitarium Bunyols negres de bacall\u00e0 Verduretes del temps<\/p>\n","protected":false},"author":1,"featured_media":17893,"comment_status":"closed","ping_status":"closed","sticky":false,"template":"","format":"standard","meta":{"_exactmetrics_skip_tracking":false,"_exactmetrics_sitenote_active":false,"_exactmetrics_sitenote_note":"","_exactmetrics_sitenote_category":0,"mc4wp_mailchimp_campaign":[],"footnotes":""},"categories":[361,32],"tags":[],"class_list":["post-12761","post","type-post","status-publish","format-standard","has-post-thumbnail","hentry","category-receptes-ca","category-uncategorized-ca"],"yoast_head":"<!-- This site is optimized with the Yoast SEO plugin v27.5 - https:\/\/yoast.com\/product\/yoast-seo-wordpress\/ -->\n<title>Crema de carbassa amb bunyols negres de bacall\u00e0 - EXQUISITARIUM<\/title>\n<meta name=\"robots\" content=\"index, follow, max-snippet:-1, max-image-preview:large, max-video-preview:-1\" \/>\n<link rel=\"canonical\" href=\"https:\/\/www.exquisitarium.com\/ca\/crema-de-carbassa-amb-bunyols-negres-de-bacalla\/\" \/>\n<meta property=\"og:locale\" content=\"ca_ES\" \/>\n<meta property=\"og:type\" content=\"article\" \/>\n<meta property=\"og:title\" content=\"Crema de carbassa amb bunyols negres de bacall\u00e0 - EXQUISITARIUM\" \/>\n<meta property=\"og:description\" content=\"Refer\u00e8ncia: 11022 crema de carbassa Refer\u00e8ncia 155 bunyols negres de bacall\u00e0 Ingredients: Crema de carbassa exquisitarium Bunyols negres de bacall\u00e0 Verduretes del temps\" \/>\n<meta property=\"og:url\" content=\"https:\/\/www.exquisitarium.com\/ca\/crema-de-carbassa-amb-bunyols-negres-de-bacalla\/\" \/>\n<meta property=\"og:site_name\" content=\"EXQUISITARIUM\" \/>\n<meta property=\"article:publisher\" content=\"https:\/\/www.facebook.com\/exquisitarium\/\" \/>\n<meta property=\"article:published_time\" content=\"2022-11-03T09:46:02+00:00\" \/>\n<meta property=\"og:image\" content=\"https:\/\/www.exquisitarium.com\/wp-content\/uploads\/2022\/11\/blog_crema-amb-bunuelos-de-bacalao1.jpg\" \/>\n\t<meta property=\"og:image:width\" content=\"1300\" \/>\n\t<meta property=\"og:image:height\" content=\"905\" \/>\n\t<meta property=\"og:image:type\" content=\"image\/jpeg\" \/>\n<meta name=\"author\" content=\"Exquisitarium\" \/>\n<meta name=\"twitter:card\" content=\"summary_large_image\" \/>\n<meta name=\"twitter:label1\" content=\"Escrit per\" \/>\n\t<meta name=\"twitter:data1\" content=\"Exquisitarium\" \/>\n<script type=\"application\/ld+json\" class=\"yoast-schema-graph\">{\"@context\":\"https:\\\/\\\/schema.org\",\"@graph\":[{\"@type\":\"Article\",\"@id\":\"https:\\\/\\\/www.exquisitarium.com\\\/ca\\\/crema-de-carbassa-amb-bunyols-negres-de-bacalla\\\/#article\",\"isPartOf\":{\"@id\":\"https:\\\/\\\/www.exquisitarium.com\\\/ca\\\/crema-de-carbassa-amb-bunyols-negres-de-bacalla\\\/\"},\"author\":{\"name\":\"Exquisitarium\",\"@id\":\"https:\\\/\\\/www.exquisitarium.com\\\/ca\\\/#\\\/schema\\\/person\\\/2d6812e2259b6826bc9b6ad09eafc60b\"},\"headline\":\"Crema de carbassa amb bunyols negres de bacall\u00e0\",\"datePublished\":\"2022-11-03T09:46:02+00:00\",\"mainEntityOfPage\":{\"@id\":\"https:\\\/\\\/www.exquisitarium.com\\\/ca\\\/crema-de-carbassa-amb-bunyols-negres-de-bacalla\\\/\"},\"wordCount\":102,\"publisher\":{\"@id\":\"https:\\\/\\\/www.exquisitarium.com\\\/ca\\\/#organization\"},\"image\":{\"@id\":\"https:\\\/\\\/www.exquisitarium.com\\\/ca\\\/crema-de-carbassa-amb-bunyols-negres-de-bacalla\\\/#primaryimage\"},\"thumbnailUrl\":\"https:\\\/\\\/www.exquisitarium.com\\\/wp-content\\\/uploads\\\/2022\\\/11\\\/blog_crema-amb-bunuelos-de-bacalao1.jpg\",\"articleSection\":[\"Receptes\",\"Uncategorized @ca\"],\"inLanguage\":\"ca\"},{\"@type\":\"WebPage\",\"@id\":\"https:\\\/\\\/www.exquisitarium.com\\\/ca\\\/crema-de-carbassa-amb-bunyols-negres-de-bacalla\\\/\",\"url\":\"https:\\\/\\\/www.exquisitarium.com\\\/ca\\\/crema-de-carbassa-amb-bunyols-negres-de-bacalla\\\/\",\"name\":\"Crema de carbassa amb bunyols negres de bacall\u00e0 - EXQUISITARIUM\",\"isPartOf\":{\"@id\":\"https:\\\/\\\/www.exquisitarium.com\\\/ca\\\/#website\"},\"primaryImageOfPage\":{\"@id\":\"https:\\\/\\\/www.exquisitarium.com\\\/ca\\\/crema-de-carbassa-amb-bunyols-negres-de-bacalla\\\/#primaryimage\"},\"image\":{\"@id\":\"https:\\\/\\\/www.exquisitarium.com\\\/ca\\\/crema-de-carbassa-amb-bunyols-negres-de-bacalla\\\/#primaryimage\"},\"thumbnailUrl\":\"https:\\\/\\\/www.exquisitarium.com\\\/wp-content\\\/uploads\\\/2022\\\/11\\\/blog_crema-amb-bunuelos-de-bacalao1.jpg\",\"datePublished\":\"2022-11-03T09:46:02+00:00\",\"breadcrumb\":{\"@id\":\"https:\\\/\\\/www.exquisitarium.com\\\/ca\\\/crema-de-carbassa-amb-bunyols-negres-de-bacalla\\\/#breadcrumb\"},\"inLanguage\":\"ca\",\"potentialAction\":[{\"@type\":\"ReadAction\",\"target\":[\"https:\\\/\\\/www.exquisitarium.com\\\/ca\\\/crema-de-carbassa-amb-bunyols-negres-de-bacalla\\\/\"]}]},{\"@type\":\"ImageObject\",\"inLanguage\":\"ca\",\"@id\":\"https:\\\/\\\/www.exquisitarium.com\\\/ca\\\/crema-de-carbassa-amb-bunyols-negres-de-bacalla\\\/#primaryimage\",\"url\":\"https:\\\/\\\/www.exquisitarium.com\\\/wp-content\\\/uploads\\\/2022\\\/11\\\/blog_crema-amb-bunuelos-de-bacalao1.jpg\",\"contentUrl\":\"https:\\\/\\\/www.exquisitarium.com\\\/wp-content\\\/uploads\\\/2022\\\/11\\\/blog_crema-amb-bunuelos-de-bacalao1.jpg\",\"width\":1300,\"height\":905},{\"@type\":\"BreadcrumbList\",\"@id\":\"https:\\\/\\\/www.exquisitarium.com\\\/ca\\\/crema-de-carbassa-amb-bunyols-negres-de-bacalla\\\/#breadcrumb\",\"itemListElement\":[{\"@type\":\"ListItem\",\"position\":1,\"name\":\"Home\",\"item\":\"https:\\\/\\\/www.exquisitarium.com\\\/ca\\\/\"},{\"@type\":\"ListItem\",\"position\":2,\"name\":\"Crema de carbassa amb bunyols negres de bacall\u00e0\"}]},{\"@type\":\"WebSite\",\"@id\":\"https:\\\/\\\/www.exquisitarium.com\\\/ca\\\/#website\",\"url\":\"https:\\\/\\\/www.exquisitarium.com\\\/ca\\\/\",\"name\":\"EXQUISITARIUM\",\"description\":\"Tu cocina en buenas manos\",\"publisher\":{\"@id\":\"https:\\\/\\\/www.exquisitarium.com\\\/ca\\\/#organization\"},\"potentialAction\":[{\"@type\":\"SearchAction\",\"target\":{\"@type\":\"EntryPoint\",\"urlTemplate\":\"https:\\\/\\\/www.exquisitarium.com\\\/ca\\\/?s={search_term_string}\"},\"query-input\":{\"@type\":\"PropertyValueSpecification\",\"valueRequired\":true,\"valueName\":\"search_term_string\"}}],\"inLanguage\":\"ca\"},{\"@type\":\"Organization\",\"@id\":\"https:\\\/\\\/www.exquisitarium.com\\\/ca\\\/#organization\",\"name\":\"EXQUISITARIUM\",\"url\":\"https:\\\/\\\/www.exquisitarium.com\\\/ca\\\/\",\"logo\":{\"@type\":\"ImageObject\",\"inLanguage\":\"ca\",\"@id\":\"https:\\\/\\\/www.exquisitarium.com\\\/ca\\\/#\\\/schema\\\/logo\\\/image\\\/\",\"url\":\"https:\\\/\\\/www.exquisitarium.com\\\/wp-content\\\/uploads\\\/2025\\\/10\\\/exquisitarium-logo.svg\",\"contentUrl\":\"https:\\\/\\\/www.exquisitarium.com\\\/wp-content\\\/uploads\\\/2025\\\/10\\\/exquisitarium-logo.svg\",\"width\":233,\"height\":37,\"caption\":\"EXQUISITARIUM\"},\"image\":{\"@id\":\"https:\\\/\\\/www.exquisitarium.com\\\/ca\\\/#\\\/schema\\\/logo\\\/image\\\/\"},\"sameAs\":[\"https:\\\/\\\/www.facebook.com\\\/exquisitarium\\\/\",\"https:\\\/\\\/www.instagram.com\\\/exquisitarium\\\/\",\"https:\\\/\\\/www.linkedin.com\\\/company\\\/exquisitarium\\\/\"]},{\"@type\":\"Person\",\"@id\":\"https:\\\/\\\/www.exquisitarium.com\\\/ca\\\/#\\\/schema\\\/person\\\/2d6812e2259b6826bc9b6ad09eafc60b\",\"name\":\"Exquisitarium\"}]}<\/script>\n<!-- \/ Yoast SEO plugin. -->","yoast_head_json":{"title":"Crema de carbassa amb bunyols negres de bacall\u00e0 - EXQUISITARIUM","robots":{"index":"index","follow":"follow","max-snippet":"max-snippet:-1","max-image-preview":"max-image-preview:large","max-video-preview":"max-video-preview:-1"},"canonical":"https:\/\/www.exquisitarium.com\/ca\/crema-de-carbassa-amb-bunyols-negres-de-bacalla\/","og_locale":"ca_ES","og_type":"article","og_title":"Crema de carbassa amb bunyols negres de bacall\u00e0 - EXQUISITARIUM","og_description":"Refer\u00e8ncia: 11022 crema de carbassa Refer\u00e8ncia 155 bunyols negres de bacall\u00e0 Ingredients: Crema de carbassa exquisitarium Bunyols negres de bacall\u00e0 Verduretes del temps","og_url":"https:\/\/www.exquisitarium.com\/ca\/crema-de-carbassa-amb-bunyols-negres-de-bacalla\/","og_site_name":"EXQUISITARIUM","article_publisher":"https:\/\/www.facebook.com\/exquisitarium\/","article_published_time":"2022-11-03T09:46:02+00:00","og_image":[{"width":1300,"height":905,"url":"https:\/\/www.exquisitarium.com\/wp-content\/uploads\/2022\/11\/blog_crema-amb-bunuelos-de-bacalao1.jpg","type":"image\/jpeg"}],"author":"Exquisitarium","twitter_card":"summary_large_image","twitter_misc":{"Escrit per":"Exquisitarium"},"schema":{"@context":"https:\/\/schema.org","@graph":[{"@type":"Article","@id":"https:\/\/www.exquisitarium.com\/ca\/crema-de-carbassa-amb-bunyols-negres-de-bacalla\/#article","isPartOf":{"@id":"https:\/\/www.exquisitarium.com\/ca\/crema-de-carbassa-amb-bunyols-negres-de-bacalla\/"},"author":{"name":"Exquisitarium","@id":"https:\/\/www.exquisitarium.com\/ca\/#\/schema\/person\/2d6812e2259b6826bc9b6ad09eafc60b"},"headline":"Crema de carbassa amb bunyols negres de bacall\u00e0","datePublished":"2022-11-03T09:46:02+00:00","mainEntityOfPage":{"@id":"https:\/\/www.exquisitarium.com\/ca\/crema-de-carbassa-amb-bunyols-negres-de-bacalla\/"},"wordCount":102,"publisher":{"@id":"https:\/\/www.exquisitarium.com\/ca\/#organization"},"image":{"@id":"https:\/\/www.exquisitarium.com\/ca\/crema-de-carbassa-amb-bunyols-negres-de-bacalla\/#primaryimage"},"thumbnailUrl":"https:\/\/www.exquisitarium.com\/wp-content\/uploads\/2022\/11\/blog_crema-amb-bunuelos-de-bacalao1.jpg","articleSection":["Receptes","Uncategorized @ca"],"inLanguage":"ca"},{"@type":"WebPage","@id":"https:\/\/www.exquisitarium.com\/ca\/crema-de-carbassa-amb-bunyols-negres-de-bacalla\/","url":"https:\/\/www.exquisitarium.com\/ca\/crema-de-carbassa-amb-bunyols-negres-de-bacalla\/","name":"Crema de carbassa amb bunyols negres de bacall\u00e0 - EXQUISITARIUM","isPartOf":{"@id":"https:\/\/www.exquisitarium.com\/ca\/#website"},"primaryImageOfPage":{"@id":"https:\/\/www.exquisitarium.com\/ca\/crema-de-carbassa-amb-bunyols-negres-de-bacalla\/#primaryimage"},"image":{"@id":"https:\/\/www.exquisitarium.com\/ca\/crema-de-carbassa-amb-bunyols-negres-de-bacalla\/#primaryimage"},"thumbnailUrl":"https:\/\/www.exquisitarium.com\/wp-content\/uploads\/2022\/11\/blog_crema-amb-bunuelos-de-bacalao1.jpg","datePublished":"2022-11-03T09:46:02+00:00","breadcrumb":{"@id":"https:\/\/www.exquisitarium.com\/ca\/crema-de-carbassa-amb-bunyols-negres-de-bacalla\/#breadcrumb"},"inLanguage":"ca","potentialAction":[{"@type":"ReadAction","target":["https:\/\/www.exquisitarium.com\/ca\/crema-de-carbassa-amb-bunyols-negres-de-bacalla\/"]}]},{"@type":"ImageObject","inLanguage":"ca","@id":"https:\/\/www.exquisitarium.com\/ca\/crema-de-carbassa-amb-bunyols-negres-de-bacalla\/#primaryimage","url":"https:\/\/www.exquisitarium.com\/wp-content\/uploads\/2022\/11\/blog_crema-amb-bunuelos-de-bacalao1.jpg","contentUrl":"https:\/\/www.exquisitarium.com\/wp-content\/uploads\/2022\/11\/blog_crema-amb-bunuelos-de-bacalao1.jpg","width":1300,"height":905},{"@type":"BreadcrumbList","@id":"https:\/\/www.exquisitarium.com\/ca\/crema-de-carbassa-amb-bunyols-negres-de-bacalla\/#breadcrumb","itemListElement":[{"@type":"ListItem","position":1,"name":"Home","item":"https:\/\/www.exquisitarium.com\/ca\/"},{"@type":"ListItem","position":2,"name":"Crema de carbassa amb bunyols negres de bacall\u00e0"}]},{"@type":"WebSite","@id":"https:\/\/www.exquisitarium.com\/ca\/#website","url":"https:\/\/www.exquisitarium.com\/ca\/","name":"EXQUISITARIUM","description":"Tu cocina en buenas manos","publisher":{"@id":"https:\/\/www.exquisitarium.com\/ca\/#organization"},"potentialAction":[{"@type":"SearchAction","target":{"@type":"EntryPoint","urlTemplate":"https:\/\/www.exquisitarium.com\/ca\/?s={search_term_string}"},"query-input":{"@type":"PropertyValueSpecification","valueRequired":true,"valueName":"search_term_string"}}],"inLanguage":"ca"},{"@type":"Organization","@id":"https:\/\/www.exquisitarium.com\/ca\/#organization","name":"EXQUISITARIUM","url":"https:\/\/www.exquisitarium.com\/ca\/","logo":{"@type":"ImageObject","inLanguage":"ca","@id":"https:\/\/www.exquisitarium.com\/ca\/#\/schema\/logo\/image\/","url":"https:\/\/www.exquisitarium.com\/wp-content\/uploads\/2025\/10\/exquisitarium-logo.svg","contentUrl":"https:\/\/www.exquisitarium.com\/wp-content\/uploads\/2025\/10\/exquisitarium-logo.svg","width":233,"height":37,"caption":"EXQUISITARIUM"},"image":{"@id":"https:\/\/www.exquisitarium.com\/ca\/#\/schema\/logo\/image\/"},"sameAs":["https:\/\/www.facebook.com\/exquisitarium\/","https:\/\/www.instagram.com\/exquisitarium\/","https:\/\/www.linkedin.com\/company\/exquisitarium\/"]},{"@type":"Person","@id":"https:\/\/www.exquisitarium.com\/ca\/#\/schema\/person\/2d6812e2259b6826bc9b6ad09eafc60b","name":"Exquisitarium"}]}},"_links":{"self":[{"href":"https:\/\/www.exquisitarium.com\/ca\/wp-json\/wp\/v2\/posts\/12761","targetHints":{"allow":["GET"]}}],"collection":[{"href":"https:\/\/www.exquisitarium.com\/ca\/wp-json\/wp\/v2\/posts"}],"about":[{"href":"https:\/\/www.exquisitarium.com\/ca\/wp-json\/wp\/v2\/types\/post"}],"author":[{"embeddable":true,"href":"https:\/\/www.exquisitarium.com\/ca\/wp-json\/wp\/v2\/users\/1"}],"replies":[{"embeddable":true,"href":"https:\/\/www.exquisitarium.com\/ca\/wp-json\/wp\/v2\/comments?post=12761"}],"version-history":[{"count":0,"href":"https:\/\/www.exquisitarium.com\/ca\/wp-json\/wp\/v2\/posts\/12761\/revisions"}],"wp:featuredmedia":[{"embeddable":true,"href":"https:\/\/www.exquisitarium.com\/ca\/wp-json\/wp\/v2\/media\/17893"}],"wp:attachment":[{"href":"https:\/\/www.exquisitarium.com\/ca\/wp-json\/wp\/v2\/media?parent=12761"}],"wp:term":[{"taxonomy":"category","embeddable":true,"href":"https:\/\/www.exquisitarium.com\/ca\/wp-json\/wp\/v2\/categories?post=12761"},{"taxonomy":"post_tag","embeddable":true,"href":"https:\/\/www.exquisitarium.com\/ca\/wp-json\/wp\/v2\/tags?post=12761"}],"curies":[{"name":"wp","href":"https:\/\/api.w.org\/{rel}","templated":true}]}}