{"id":12025,"date":"2022-03-14T16:54:38","date_gmt":"2022-03-14T15:54:38","guid":{"rendered":"https:\/\/www.exquisitarium.com\/alimentaria-2022\/"},"modified":"2025-07-18T08:32:08","modified_gmt":"2025-07-18T06:32:08","slug":"alimentaria-2022","status":"publish","type":"post","link":"https:\/\/www.exquisitarium.com\/ca\/alimentaria-2022\/","title":{"rendered":"ALIMENTARIA 2022"},"content":{"rendered":"<p>El m\u00f3n del sector agroalimentari t\u00e9 una cita a Barcelona els propers dies. Del <strong>04 al 07 d&#8217;abril; la Fira ALIMENT\u00c0RIA<\/strong> que posar\u00e0 en contacte els productors i distribu\u00efdors de la ind\u00fastria del sector de l&#8217;alimentaci\u00f3 convertint-se en un magn\u00edfic aparador d&#8217;\u00e0mbit mundial. Des <strong>d&#8217;Exquisitarium<\/strong> no ens volem perdre aquesta cita<\/p>\n<p><!--more--><\/p>\n<p><strong>ALIMENT\u00c0RIA \u00e9s una mostra de les tend\u00e8ncies i les innovacions<\/strong> que formen el sector en el futur. <strong>Alimentaria<\/strong> \u00e9s, a m\u00e9s, un referent mundial al sector i la converteix en un dels m\u00e0xims exponents en l&#8217;\u00e0mbit com a enlla\u00e7 per satisfer tant els interessos d&#8217;exportadors com a distribu\u00efdors\/importadors per poder generar negoci. Permet visualitzar a m\u00e9s del producte, l&#8217;equip que hi ha darrere.<\/p>\n<p><strong>L&#8217;equip d&#8217;Exquisitarium considerem important\u00edssim mantenir-nos al dia de les novetats i tend\u00e8ncies que influeixen al sector<\/strong>, <em>aix\u00ed poder ajudar els nostres distribu\u00efdors i clients a poder aconseguir una oferta m\u00e9s innovadora i competitiva<\/em><\/p>\n\n<div class=\"wp-block-media-text alignwide is-stacked-on-mobile\"><figure class=\"wp-block-media-text__media\"><img fetchpriority=\"high\" decoding=\"async\" width=\"1000\" height=\"750\" src=\"https:\/\/www.exquisitarium.com\/wp-content\/uploads\/2022\/03\/IMG_3261.jpg\" alt=\"\" class=\"wp-image-11994 size-full\" srcset=\"https:\/\/www.exquisitarium.com\/wp-content\/uploads\/2022\/03\/IMG_3261.jpg 1000w, https:\/\/www.exquisitarium.com\/wp-content\/uploads\/2022\/03\/IMG_3261-720x540.jpg 720w, https:\/\/www.exquisitarium.com\/wp-content\/uploads\/2022\/03\/IMG_3261-300x225.jpg 300w, https:\/\/www.exquisitarium.com\/wp-content\/uploads\/2022\/03\/IMG_3261-768x576.jpg 768w, https:\/\/www.exquisitarium.com\/wp-content\/uploads\/2022\/03\/IMG_3261-752x564.jpg 752w, https:\/\/www.exquisitarium.com\/wp-content\/uploads\/2022\/03\/IMG_3261-373x280.jpg 373w, https:\/\/www.exquisitarium.com\/wp-content\/uploads\/2022\/03\/IMG_3261-605x454.jpg 605w, https:\/\/www.exquisitarium.com\/wp-content\/uploads\/2022\/03\/IMG_3261-360x270.jpg 360w\" sizes=\"(max-width: 1000px) 100vw, 1000px\" \/><\/figure><div class=\"wp-block-media-text__content\">\n<p class=\"has-text-align-left\"><p id=\"tw-target-text\" class=\"tw-data-text tw-text-large tw-ta\" dir=\"ltr\" data-placeholder=\"Traducci&#xF3;\"><span class=\"Y2IQFc\" lang=\"ca\">A <strong>Exquisitarium<\/strong> ens encanta sorprendre&#8217;t <strong>amb les nostres innovacions.<\/strong> Si ets un amant de les postres japoneses, <strong>qu\u00e8 et semblaria no nom\u00e9s un mochi exclusivament per a les postres, sin\u00f3 tamb\u00e9 com a aperitiu?<\/strong><\/span><\/p><\/p>\n\n\n\n<p>A <strong>Exquistarium<\/strong> som especialistes en donar el nostre toc personal als productes tradicionals per aix\u00f2 hem creat 3 tipus diferents de mochi que et sorprendran.<\/p>\n\n\n\n<p><strong>Vols saber quins s\u00f3n? Vine a visitar-nos al nostre estand a Alimentaria!<\/strong><\/p>\n\n\n\n<p><strong><em>Stand 99-2\u00a0 Palace P1, Nivell 0, Carrer D<\/em><\/strong><\/p>\n\n\n\n<p><\/p>\n<\/div><\/div>\n\n<p>Pots posar-te en contacte amb nosaltres trucant a 0034 973 470 253 o 0034 68 343 78 39 o enviar un mail a <a href=\"mailto:exquisitarium@exquisitarium.com\">exquisitarium@exquisitarium.com<\/a> o \u00a0<a href=\"mailto:smarti@exquisitarium.com\">smarti@exquisitarium.com<\/a><\/p>\n","protected":false},"excerpt":{"rendered":"<p>El m\u00f3n del sector agroalimentari t\u00e9 una cita a Barcelona els propers dies. Del 04 al 07 d&#8217;abril; la Fira ALIMENT\u00c0RIA que posar\u00e0 en contacte els productors i distribu\u00efdors de la ind\u00fastria del sector de l&#8217;alimentaci\u00f3 convertint-se en un magn\u00edfic aparador d&#8217;\u00e0mbit mundial. Des d&#8217;Exquisitarium no ens volem perdre aquesta cita<\/p>\n","protected":false},"author":1,"featured_media":17868,"comment_status":"closed","ping_status":"closed","sticky":false,"template":"","format":"standard","meta":{"_exactmetrics_skip_tracking":false,"_exactmetrics_sitenote_active":false,"_exactmetrics_sitenote_note":"","_exactmetrics_sitenote_category":0,"mc4wp_mailchimp_campaign":[],"footnotes":""},"categories":[362,602],"tags":[],"class_list":["post-12025","post","type-post","status-publish","format-standard","has-post-thumbnail","hentry","category-front-ca","category-noticias-ca"],"yoast_head":"<!-- This site is optimized with the Yoast SEO plugin v27.5 - https:\/\/yoast.com\/product\/yoast-seo-wordpress\/ -->\n<title>ALIMENTARIA 2022 - EXQUISITARIUM<\/title>\n<meta name=\"robots\" content=\"index, follow, max-snippet:-1, max-image-preview:large, max-video-preview:-1\" \/>\n<link rel=\"canonical\" href=\"https:\/\/www.exquisitarium.com\/ca\/alimentaria-2022\/\" \/>\n<meta property=\"og:locale\" content=\"ca_ES\" \/>\n<meta property=\"og:type\" content=\"article\" \/>\n<meta property=\"og:title\" content=\"ALIMENTARIA 2022 - EXQUISITARIUM\" \/>\n<meta property=\"og:description\" content=\"El m\u00f3n del sector agroalimentari t\u00e9 una cita a Barcelona els propers dies. Del 04 al 07 d&#8217;abril; la Fira ALIMENT\u00c0RIA que posar\u00e0 en contacte els productors i distribu\u00efdors de la ind\u00fastria del sector de l&#8217;alimentaci\u00f3 convertint-se en un magn\u00edfic aparador d&#8217;\u00e0mbit mundial. Des d&#8217;Exquisitarium no ens volem perdre aquesta cita\" \/>\n<meta property=\"og:url\" content=\"https:\/\/www.exquisitarium.com\/ca\/alimentaria-2022\/\" \/>\n<meta property=\"og:site_name\" content=\"EXQUISITARIUM\" \/>\n<meta property=\"article:publisher\" content=\"https:\/\/www.facebook.com\/exquisitarium\/\" \/>\n<meta property=\"article:published_time\" content=\"2022-03-14T15:54:38+00:00\" \/>\n<meta property=\"article:modified_time\" content=\"2025-07-18T06:32:08+00:00\" \/>\n<meta property=\"og:image\" content=\"https:\/\/www.exquisitarium.com\/wp-content\/uploads\/2022\/11\/blog_fira-alimentaria-de-barcelona.jpeg\" \/>\n\t<meta property=\"og:image:width\" content=\"1300\" \/>\n\t<meta property=\"og:image:height\" content=\"905\" \/>\n\t<meta property=\"og:image:type\" content=\"image\/jpeg\" \/>\n<meta name=\"author\" content=\"Exquisitarium\" \/>\n<meta name=\"twitter:card\" content=\"summary_large_image\" \/>\n<meta name=\"twitter:label1\" content=\"Escrit per\" \/>\n\t<meta name=\"twitter:data1\" content=\"Exquisitarium\" \/>\n\t<meta name=\"twitter:label2\" content=\"Temps estimat de lectura\" \/>\n\t<meta name=\"twitter:data2\" content=\"2 minuts\" \/>\n<script type=\"application\/ld+json\" class=\"yoast-schema-graph\">{\"@context\":\"https:\\\/\\\/schema.org\",\"@graph\":[{\"@type\":\"Article\",\"@id\":\"https:\\\/\\\/www.exquisitarium.com\\\/ca\\\/alimentaria-2022\\\/#article\",\"isPartOf\":{\"@id\":\"https:\\\/\\\/www.exquisitarium.com\\\/ca\\\/alimentaria-2022\\\/\"},\"author\":{\"name\":\"Exquisitarium\",\"@id\":\"https:\\\/\\\/www.exquisitarium.com\\\/ca\\\/#\\\/schema\\\/person\\\/2d6812e2259b6826bc9b6ad09eafc60b\"},\"headline\":\"ALIMENTARIA 2022\",\"datePublished\":\"2022-03-14T15:54:38+00:00\",\"dateModified\":\"2025-07-18T06:32:08+00:00\",\"mainEntityOfPage\":{\"@id\":\"https:\\\/\\\/www.exquisitarium.com\\\/ca\\\/alimentaria-2022\\\/\"},\"wordCount\":272,\"publisher\":{\"@id\":\"https:\\\/\\\/www.exquisitarium.com\\\/ca\\\/#organization\"},\"image\":{\"@id\":\"https:\\\/\\\/www.exquisitarium.com\\\/ca\\\/alimentaria-2022\\\/#primaryimage\"},\"thumbnailUrl\":\"https:\\\/\\\/www.exquisitarium.com\\\/wp-content\\\/uploads\\\/2022\\\/11\\\/blog_fira-alimentaria-de-barcelona.jpeg\",\"articleSection\":[\"front\",\"Noticias\"],\"inLanguage\":\"ca\"},{\"@type\":\"WebPage\",\"@id\":\"https:\\\/\\\/www.exquisitarium.com\\\/ca\\\/alimentaria-2022\\\/\",\"url\":\"https:\\\/\\\/www.exquisitarium.com\\\/ca\\\/alimentaria-2022\\\/\",\"name\":\"ALIMENTARIA 2022 - EXQUISITARIUM\",\"isPartOf\":{\"@id\":\"https:\\\/\\\/www.exquisitarium.com\\\/ca\\\/#website\"},\"primaryImageOfPage\":{\"@id\":\"https:\\\/\\\/www.exquisitarium.com\\\/ca\\\/alimentaria-2022\\\/#primaryimage\"},\"image\":{\"@id\":\"https:\\\/\\\/www.exquisitarium.com\\\/ca\\\/alimentaria-2022\\\/#primaryimage\"},\"thumbnailUrl\":\"https:\\\/\\\/www.exquisitarium.com\\\/wp-content\\\/uploads\\\/2022\\\/11\\\/blog_fira-alimentaria-de-barcelona.jpeg\",\"datePublished\":\"2022-03-14T15:54:38+00:00\",\"dateModified\":\"2025-07-18T06:32:08+00:00\",\"breadcrumb\":{\"@id\":\"https:\\\/\\\/www.exquisitarium.com\\\/ca\\\/alimentaria-2022\\\/#breadcrumb\"},\"inLanguage\":\"ca\",\"potentialAction\":[{\"@type\":\"ReadAction\",\"target\":[\"https:\\\/\\\/www.exquisitarium.com\\\/ca\\\/alimentaria-2022\\\/\"]}]},{\"@type\":\"ImageObject\",\"inLanguage\":\"ca\",\"@id\":\"https:\\\/\\\/www.exquisitarium.com\\\/ca\\\/alimentaria-2022\\\/#primaryimage\",\"url\":\"https:\\\/\\\/www.exquisitarium.com\\\/wp-content\\\/uploads\\\/2022\\\/11\\\/blog_fira-alimentaria-de-barcelona.jpeg\",\"contentUrl\":\"https:\\\/\\\/www.exquisitarium.com\\\/wp-content\\\/uploads\\\/2022\\\/11\\\/blog_fira-alimentaria-de-barcelona.jpeg\",\"width\":1300,\"height\":905},{\"@type\":\"BreadcrumbList\",\"@id\":\"https:\\\/\\\/www.exquisitarium.com\\\/ca\\\/alimentaria-2022\\\/#breadcrumb\",\"itemListElement\":[{\"@type\":\"ListItem\",\"position\":1,\"name\":\"Home\",\"item\":\"https:\\\/\\\/www.exquisitarium.com\\\/ca\\\/\"},{\"@type\":\"ListItem\",\"position\":2,\"name\":\"ALIMENTARIA 2022\"}]},{\"@type\":\"WebSite\",\"@id\":\"https:\\\/\\\/www.exquisitarium.com\\\/ca\\\/#website\",\"url\":\"https:\\\/\\\/www.exquisitarium.com\\\/ca\\\/\",\"name\":\"EXQUISITARIUM\",\"description\":\"Tu cocina en buenas manos\",\"publisher\":{\"@id\":\"https:\\\/\\\/www.exquisitarium.com\\\/ca\\\/#organization\"},\"potentialAction\":[{\"@type\":\"SearchAction\",\"target\":{\"@type\":\"EntryPoint\",\"urlTemplate\":\"https:\\\/\\\/www.exquisitarium.com\\\/ca\\\/?s={search_term_string}\"},\"query-input\":{\"@type\":\"PropertyValueSpecification\",\"valueRequired\":true,\"valueName\":\"search_term_string\"}}],\"inLanguage\":\"ca\"},{\"@type\":\"Organization\",\"@id\":\"https:\\\/\\\/www.exquisitarium.com\\\/ca\\\/#organization\",\"name\":\"EXQUISITARIUM\",\"url\":\"https:\\\/\\\/www.exquisitarium.com\\\/ca\\\/\",\"logo\":{\"@type\":\"ImageObject\",\"inLanguage\":\"ca\",\"@id\":\"https:\\\/\\\/www.exquisitarium.com\\\/ca\\\/#\\\/schema\\\/logo\\\/image\\\/\",\"url\":\"https:\\\/\\\/www.exquisitarium.com\\\/wp-content\\\/uploads\\\/2025\\\/10\\\/exquisitarium-logo.svg\",\"contentUrl\":\"https:\\\/\\\/www.exquisitarium.com\\\/wp-content\\\/uploads\\\/2025\\\/10\\\/exquisitarium-logo.svg\",\"width\":233,\"height\":37,\"caption\":\"EXQUISITARIUM\"},\"image\":{\"@id\":\"https:\\\/\\\/www.exquisitarium.com\\\/ca\\\/#\\\/schema\\\/logo\\\/image\\\/\"},\"sameAs\":[\"https:\\\/\\\/www.facebook.com\\\/exquisitarium\\\/\",\"https:\\\/\\\/www.instagram.com\\\/exquisitarium\\\/\",\"https:\\\/\\\/www.linkedin.com\\\/company\\\/exquisitarium\\\/\"]},{\"@type\":\"Person\",\"@id\":\"https:\\\/\\\/www.exquisitarium.com\\\/ca\\\/#\\\/schema\\\/person\\\/2d6812e2259b6826bc9b6ad09eafc60b\",\"name\":\"Exquisitarium\"}]}<\/script>\n<!-- \/ Yoast SEO plugin. -->","yoast_head_json":{"title":"ALIMENTARIA 2022 - EXQUISITARIUM","robots":{"index":"index","follow":"follow","max-snippet":"max-snippet:-1","max-image-preview":"max-image-preview:large","max-video-preview":"max-video-preview:-1"},"canonical":"https:\/\/www.exquisitarium.com\/ca\/alimentaria-2022\/","og_locale":"ca_ES","og_type":"article","og_title":"ALIMENTARIA 2022 - EXQUISITARIUM","og_description":"El m\u00f3n del sector agroalimentari t\u00e9 una cita a Barcelona els propers dies. Del 04 al 07 d&#8217;abril; la Fira ALIMENT\u00c0RIA que posar\u00e0 en contacte els productors i distribu\u00efdors de la ind\u00fastria del sector de l&#8217;alimentaci\u00f3 convertint-se en un magn\u00edfic aparador d&#8217;\u00e0mbit mundial. Des d&#8217;Exquisitarium no ens volem perdre aquesta cita","og_url":"https:\/\/www.exquisitarium.com\/ca\/alimentaria-2022\/","og_site_name":"EXQUISITARIUM","article_publisher":"https:\/\/www.facebook.com\/exquisitarium\/","article_published_time":"2022-03-14T15:54:38+00:00","article_modified_time":"2025-07-18T06:32:08+00:00","og_image":[{"width":1300,"height":905,"url":"https:\/\/www.exquisitarium.com\/wp-content\/uploads\/2022\/11\/blog_fira-alimentaria-de-barcelona.jpeg","type":"image\/jpeg"}],"author":"Exquisitarium","twitter_card":"summary_large_image","twitter_misc":{"Escrit per":"Exquisitarium","Temps estimat de lectura":"2 minuts"},"schema":{"@context":"https:\/\/schema.org","@graph":[{"@type":"Article","@id":"https:\/\/www.exquisitarium.com\/ca\/alimentaria-2022\/#article","isPartOf":{"@id":"https:\/\/www.exquisitarium.com\/ca\/alimentaria-2022\/"},"author":{"name":"Exquisitarium","@id":"https:\/\/www.exquisitarium.com\/ca\/#\/schema\/person\/2d6812e2259b6826bc9b6ad09eafc60b"},"headline":"ALIMENTARIA 2022","datePublished":"2022-03-14T15:54:38+00:00","dateModified":"2025-07-18T06:32:08+00:00","mainEntityOfPage":{"@id":"https:\/\/www.exquisitarium.com\/ca\/alimentaria-2022\/"},"wordCount":272,"publisher":{"@id":"https:\/\/www.exquisitarium.com\/ca\/#organization"},"image":{"@id":"https:\/\/www.exquisitarium.com\/ca\/alimentaria-2022\/#primaryimage"},"thumbnailUrl":"https:\/\/www.exquisitarium.com\/wp-content\/uploads\/2022\/11\/blog_fira-alimentaria-de-barcelona.jpeg","articleSection":["front","Noticias"],"inLanguage":"ca"},{"@type":"WebPage","@id":"https:\/\/www.exquisitarium.com\/ca\/alimentaria-2022\/","url":"https:\/\/www.exquisitarium.com\/ca\/alimentaria-2022\/","name":"ALIMENTARIA 2022 - EXQUISITARIUM","isPartOf":{"@id":"https:\/\/www.exquisitarium.com\/ca\/#website"},"primaryImageOfPage":{"@id":"https:\/\/www.exquisitarium.com\/ca\/alimentaria-2022\/#primaryimage"},"image":{"@id":"https:\/\/www.exquisitarium.com\/ca\/alimentaria-2022\/#primaryimage"},"thumbnailUrl":"https:\/\/www.exquisitarium.com\/wp-content\/uploads\/2022\/11\/blog_fira-alimentaria-de-barcelona.jpeg","datePublished":"2022-03-14T15:54:38+00:00","dateModified":"2025-07-18T06:32:08+00:00","breadcrumb":{"@id":"https:\/\/www.exquisitarium.com\/ca\/alimentaria-2022\/#breadcrumb"},"inLanguage":"ca","potentialAction":[{"@type":"ReadAction","target":["https:\/\/www.exquisitarium.com\/ca\/alimentaria-2022\/"]}]},{"@type":"ImageObject","inLanguage":"ca","@id":"https:\/\/www.exquisitarium.com\/ca\/alimentaria-2022\/#primaryimage","url":"https:\/\/www.exquisitarium.com\/wp-content\/uploads\/2022\/11\/blog_fira-alimentaria-de-barcelona.jpeg","contentUrl":"https:\/\/www.exquisitarium.com\/wp-content\/uploads\/2022\/11\/blog_fira-alimentaria-de-barcelona.jpeg","width":1300,"height":905},{"@type":"BreadcrumbList","@id":"https:\/\/www.exquisitarium.com\/ca\/alimentaria-2022\/#breadcrumb","itemListElement":[{"@type":"ListItem","position":1,"name":"Home","item":"https:\/\/www.exquisitarium.com\/ca\/"},{"@type":"ListItem","position":2,"name":"ALIMENTARIA 2022"}]},{"@type":"WebSite","@id":"https:\/\/www.exquisitarium.com\/ca\/#website","url":"https:\/\/www.exquisitarium.com\/ca\/","name":"EXQUISITARIUM","description":"Tu cocina en buenas manos","publisher":{"@id":"https:\/\/www.exquisitarium.com\/ca\/#organization"},"potentialAction":[{"@type":"SearchAction","target":{"@type":"EntryPoint","urlTemplate":"https:\/\/www.exquisitarium.com\/ca\/?s={search_term_string}"},"query-input":{"@type":"PropertyValueSpecification","valueRequired":true,"valueName":"search_term_string"}}],"inLanguage":"ca"},{"@type":"Organization","@id":"https:\/\/www.exquisitarium.com\/ca\/#organization","name":"EXQUISITARIUM","url":"https:\/\/www.exquisitarium.com\/ca\/","logo":{"@type":"ImageObject","inLanguage":"ca","@id":"https:\/\/www.exquisitarium.com\/ca\/#\/schema\/logo\/image\/","url":"https:\/\/www.exquisitarium.com\/wp-content\/uploads\/2025\/10\/exquisitarium-logo.svg","contentUrl":"https:\/\/www.exquisitarium.com\/wp-content\/uploads\/2025\/10\/exquisitarium-logo.svg","width":233,"height":37,"caption":"EXQUISITARIUM"},"image":{"@id":"https:\/\/www.exquisitarium.com\/ca\/#\/schema\/logo\/image\/"},"sameAs":["https:\/\/www.facebook.com\/exquisitarium\/","https:\/\/www.instagram.com\/exquisitarium\/","https:\/\/www.linkedin.com\/company\/exquisitarium\/"]},{"@type":"Person","@id":"https:\/\/www.exquisitarium.com\/ca\/#\/schema\/person\/2d6812e2259b6826bc9b6ad09eafc60b","name":"Exquisitarium"}]}},"_links":{"self":[{"href":"https:\/\/www.exquisitarium.com\/ca\/wp-json\/wp\/v2\/posts\/12025","targetHints":{"allow":["GET"]}}],"collection":[{"href":"https:\/\/www.exquisitarium.com\/ca\/wp-json\/wp\/v2\/posts"}],"about":[{"href":"https:\/\/www.exquisitarium.com\/ca\/wp-json\/wp\/v2\/types\/post"}],"author":[{"embeddable":true,"href":"https:\/\/www.exquisitarium.com\/ca\/wp-json\/wp\/v2\/users\/1"}],"replies":[{"embeddable":true,"href":"https:\/\/www.exquisitarium.com\/ca\/wp-json\/wp\/v2\/comments?post=12025"}],"version-history":[{"count":0,"href":"https:\/\/www.exquisitarium.com\/ca\/wp-json\/wp\/v2\/posts\/12025\/revisions"}],"wp:featuredmedia":[{"embeddable":true,"href":"https:\/\/www.exquisitarium.com\/ca\/wp-json\/wp\/v2\/media\/17868"}],"wp:attachment":[{"href":"https:\/\/www.exquisitarium.com\/ca\/wp-json\/wp\/v2\/media?parent=12025"}],"wp:term":[{"taxonomy":"category","embeddable":true,"href":"https:\/\/www.exquisitarium.com\/ca\/wp-json\/wp\/v2\/categories?post=12025"},{"taxonomy":"post_tag","embeddable":true,"href":"https:\/\/www.exquisitarium.com\/ca\/wp-json\/wp\/v2\/tags?post=12025"}],"curies":[{"name":"wp","href":"https:\/\/api.w.org\/{rel}","templated":true}]}}